{"id":9939,"date":"2026-03-23T11:22:40","date_gmt":"2026-03-23T11:22:40","guid":{"rendered":"https:\/\/spsuchy.pl\/?p=9939"},"modified":"2026-03-24T11:24:03","modified_gmt":"2026-03-24T11:24:03","slug":"kolorowy-bal-karnawalowy","status":"publish","type":"post","link":"https:\/\/spsuchy.pl\/index.php\/2026\/03\/23\/kolorowy-bal-karnawalowy\/","title":{"rendered":"Kolorowy Bal Karnawa\u0142owy!"},"content":{"rendered":"\n<p>W naszym przedszkolu, 27 stycznia, odby\u0142 si\u0119 wyj\u0105tkowy Bal Karnawa\u0142owy, kt\u00f3ry na d\u0142ugo pozostanie w pami\u0119ci dzieci. Tego dnia sala gimnastyczna zamieni\u0142a si\u0119 w prawdziw\u0105 krain\u0119 zabawy.<br>Dzieci przysz\u0142y ubrane w przepi\u0119kne, pomys\u0142owe stroje. Ka\u017cde dziecko mia\u0142o okazj\u0119 zaprezentowa\u0107 swoje przebranie i poczu\u0107 si\u0119 wyj\u0105tkowo.<br>Podczas balu nie zabrak\u0142o radosnych ta\u0144c\u00f3w przy weso\u0142ej muzyce, a tak\u017ce licznych gier i zabaw.<br>Dodatkow\u0105 atrakcj\u0105 by\u0142a mo\u017cliwo\u015b\u0107 wykonania pami\u0105tkowego zdj\u0119cia na specjalnie przygotowanym tle.<br>Ju\u017c nie mo\u017cemy si\u0119 doczeka\u0107 kolejnego takiego wydarzenia! \ud83c\udf89<\/p>\n\n\n\nngg_shortcode_0_placeholder\n","protected":false},"excerpt":{"rendered":"<p>W naszym przedszkolu, 27 stycznia, odby\u0142 si\u0119 wyj\u0105tkowy Bal Karnawa\u0142owy, kt\u00f3ry na d\u0142ugo pozostanie w pami\u0119ci dzieci. Tego dnia sala gimnastyczna zamieni\u0142a si\u0119 w prawdziw\u0105 krain\u0119 zabawy.Dzieci przysz\u0142y ubrane w przepi\u0119kne, pomys\u0142owe stroje. Ka\u017cde dziecko mia\u0142o okazj\u0119 zaprezentowa\u0107 swoje przebranie i poczu\u0107 si\u0119 wyj\u0105tkowo.Podczas balu nie zabrak\u0142o radosnych ta\u0144c\u00f3w przy weso\u0142ej muzyce, a tak\u017ce licznych [&hellip;]<\/p>\n","protected":false},"author":1,"featured_media":9940,"comment_status":"open","ping_status":"open","sticky":false,"template":"","format":"standard","meta":{"ngg_post_thumbnail":0,"footnotes":""},"categories":[21,28],"tags":[],"class_list":["post-9939","post","type-post","status-publish","format-standard","has-post-thumbnail","hentry","category-oddzial-przedszkolny","category-polecane"],"_links":{"self":[{"href":"https:\/\/spsuchy.pl\/index.php\/wp-json\/wp\/v2\/posts\/9939","targetHints":{"allow":["GET"]}}],"collection":[{"href":"https:\/\/spsuchy.pl\/index.php\/wp-json\/wp\/v2\/posts"}],"about":[{"href":"https:\/\/spsuchy.pl\/index.php\/wp-json\/wp\/v2\/types\/post"}],"author":[{"embeddable":true,"href":"https:\/\/spsuchy.pl\/index.php\/wp-json\/wp\/v2\/users\/1"}],"replies":[{"embeddable":true,"href":"https:\/\/spsuchy.pl\/index.php\/wp-json\/wp\/v2\/comments?post=9939"}],"version-history":[{"count":1,"href":"https:\/\/spsuchy.pl\/index.php\/wp-json\/wp\/v2\/posts\/9939\/revisions"}],"predecessor-version":[{"id":9941,"href":"https:\/\/spsuchy.pl\/index.php\/wp-json\/wp\/v2\/posts\/9939\/revisions\/9941"}],"wp:featuredmedia":[{"embeddable":true,"href":"https:\/\/spsuchy.pl\/index.php\/wp-json\/wp\/v2\/media\/9940"}],"wp:attachment":[{"href":"https:\/\/spsuchy.pl\/index.php\/wp-json\/wp\/v2\/media?parent=9939"}],"wp:term":[{"taxonomy":"category","embeddable":true,"href":"https:\/\/spsuchy.pl\/index.php\/wp-json\/wp\/v2\/categories?post=9939"},{"taxonomy":"post_tag","embeddable":true,"href":"https:\/\/spsuchy.pl\/index.php\/wp-json\/wp\/v2\/tags?post=9939"}],"curies":[{"name":"wp","href":"https:\/\/api.w.org\/{rel}","templated":true}]}}