{"id":9773,"date":"2026-03-23T20:04:08","date_gmt":"2026-03-23T20:04:08","guid":{"rendered":"https:\/\/spsuchy.pl\/?p=9773"},"modified":"2026-03-24T07:33:14","modified_gmt":"2026-03-24T07:33:14","slug":"dzien-bez-plecaka-2","status":"publish","type":"post","link":"https:\/\/spsuchy.pl\/index.php\/2026\/03\/23\/dzien-bez-plecaka-2\/","title":{"rendered":"\u201eDzie\u0144 bez plecaka\u201d"},"content":{"rendered":"\n<p>23 marca &nbsp;odby\u0142 si\u0119 w szkole wyj\u0105tkowy i pe\u0142en kreatywno\u015bci \u201e<strong>Dzie\u0144 bez plecaka\u201d<\/strong>. Tego dnia uczniowie mogli przynie\u015b\u0107 swoje ksi\u0105\u017cki i przybory szkolne w dowolny, nietypowy spos\u00f3b \u2013 byle nie w tradycyjnym plecaku.<\/p>\n\n\n\n<p>Pomys\u0142owo\u015b\u0107 uczni\u00f3w przeros\u0142a wszelkie oczekiwania! Na szkolnych korytarzach mo\u017cna by\u0142o zobaczy\u0107 ksi\u0105\u017cki przewo\u017cone w walizkach, koszykach, skrzynkach na narz\u0119dzia, a nawet w garnkach. Niekt\u00f3rzy wykorzystali torby sportowe, poszewki na poduszki czy plastikowe pojemniki.<\/p>\n\n\n\n<p>Dzie\u0144 ten by\u0142 okazj\u0105 do wsp\u00f3lnej zabawy, integracji oraz pokazania swojej kreatywno\u015bci. Kolorowe i nietypowe \u201ezamienniki plecak\u00f3w\u201d wywo\u0142ywa\u0142y wiele u\u015bmiech\u00f3w&nbsp;i pozytywnej energii.<\/p>\n\n\n\n<p>Podczas wydarzenia odby\u0142 si\u0119 <strong>konkurs na najlepszy zamiennik plecaka<\/strong>. W g\u0142osowaniu uczni\u00f3w zwyci\u0119\u017cy\u0142 <strong>Dominik Be\u015bciak<\/strong>, kt\u00f3rego pomys\u0142 zdoby\u0142 najwi\u0119cej g\u0142os\u00f3w. Gratulujemy!<\/p>\n\n\n\n<p>Dzi\u0119kujemy wszystkim uczniom za zaanga\u017cowanie i \u015bwietne pomys\u0142y. Mamy nadziej\u0119, \u017ce takie wydarzenia na d\u0142ugo pozostan\u0105 w pami\u0119ci naszej szkolnej spo\u0142eczno\u015bci!<\/p>\n\n\n\n<p class=\"has-text-align-right\">&nbsp;&nbsp;&nbsp;&nbsp;&nbsp;&nbsp;&nbsp;&nbsp;&nbsp;&nbsp;&nbsp;&nbsp;&nbsp;&nbsp;&nbsp;&nbsp;&nbsp;&nbsp;&nbsp;&nbsp;&nbsp;&nbsp;&nbsp;&nbsp;&nbsp;&nbsp;&nbsp;&nbsp;&nbsp;&nbsp;&nbsp;&nbsp;&nbsp;&nbsp;&nbsp;&nbsp;&nbsp;&nbsp;&nbsp;&nbsp;&nbsp;&nbsp;&nbsp;&nbsp;&nbsp;&nbsp;&nbsp;&nbsp;&nbsp;&nbsp;&nbsp;&nbsp;&nbsp;&nbsp;&nbsp;&nbsp;&nbsp;&nbsp;&nbsp;&nbsp;&nbsp;&nbsp;&nbsp;&nbsp;&nbsp;&nbsp;&nbsp;&nbsp;&nbsp;&nbsp;&nbsp;&nbsp;&nbsp;&nbsp;&nbsp;&nbsp;&nbsp;&nbsp;&nbsp;&nbsp;&nbsp;&nbsp; Samorz\u0105d Uczniowski<\/p>\n\n\n\nngg_shortcode_0_placeholder\n","protected":false},"excerpt":{"rendered":"<p>23 marca &nbsp;odby\u0142 si\u0119 w szkole wyj\u0105tkowy i pe\u0142en kreatywno\u015bci \u201eDzie\u0144 bez plecaka\u201d. Tego dnia uczniowie mogli przynie\u015b\u0107 swoje ksi\u0105\u017cki i przybory szkolne w dowolny, nietypowy spos\u00f3b \u2013 byle nie w tradycyjnym plecaku. Pomys\u0142owo\u015b\u0107 uczni\u00f3w przeros\u0142a wszelkie oczekiwania! Na szkolnych korytarzach mo\u017cna by\u0142o zobaczy\u0107 ksi\u0105\u017cki przewo\u017cone w walizkach, koszykach, skrzynkach na narz\u0119dzia, a nawet w [&hellip;]<\/p>\n","protected":false},"author":1,"featured_media":9774,"comment_status":"open","ping_status":"open","sticky":false,"template":"","format":"standard","meta":{"ngg_post_thumbnail":0,"footnotes":""},"categories":[17,28],"tags":[],"class_list":["post-9773","post","type-post","status-publish","format-standard","has-post-thumbnail","hentry","category-aktualnosci","category-polecane"],"_links":{"self":[{"href":"https:\/\/spsuchy.pl\/index.php\/wp-json\/wp\/v2\/posts\/9773","targetHints":{"allow":["GET"]}}],"collection":[{"href":"https:\/\/spsuchy.pl\/index.php\/wp-json\/wp\/v2\/posts"}],"about":[{"href":"https:\/\/spsuchy.pl\/index.php\/wp-json\/wp\/v2\/types\/post"}],"author":[{"embeddable":true,"href":"https:\/\/spsuchy.pl\/index.php\/wp-json\/wp\/v2\/users\/1"}],"replies":[{"embeddable":true,"href":"https:\/\/spsuchy.pl\/index.php\/wp-json\/wp\/v2\/comments?post=9773"}],"version-history":[{"count":2,"href":"https:\/\/spsuchy.pl\/index.php\/wp-json\/wp\/v2\/posts\/9773\/revisions"}],"predecessor-version":[{"id":9798,"href":"https:\/\/spsuchy.pl\/index.php\/wp-json\/wp\/v2\/posts\/9773\/revisions\/9798"}],"wp:featuredmedia":[{"embeddable":true,"href":"https:\/\/spsuchy.pl\/index.php\/wp-json\/wp\/v2\/media\/9774"}],"wp:attachment":[{"href":"https:\/\/spsuchy.pl\/index.php\/wp-json\/wp\/v2\/media?parent=9773"}],"wp:term":[{"taxonomy":"category","embeddable":true,"href":"https:\/\/spsuchy.pl\/index.php\/wp-json\/wp\/v2\/categories?post=9773"},{"taxonomy":"post_tag","embeddable":true,"href":"https:\/\/spsuchy.pl\/index.php\/wp-json\/wp\/v2\/tags?post=9773"}],"curies":[{"name":"wp","href":"https:\/\/api.w.org\/{rel}","templated":true}]}}