{"id":9553,"date":"2010-12-10T18:22:00","date_gmt":"2010-12-10T18:22:00","guid":{"rendered":"https:\/\/spsuchy.pl\/?p=9553"},"modified":"2026-03-22T18:24:07","modified_gmt":"2026-03-22T18:24:07","slug":"zabawa-andrzejkowa","status":"publish","type":"post","link":"https:\/\/spsuchy.pl\/index.php\/2010\/12\/10\/zabawa-andrzejkowa\/","title":{"rendered":"Zabawa andrzejkowa"},"content":{"rendered":"\n<p>radycyjnie jak co roku w wigili\u0119 \u015bw. Andrzeja Samorz\u0105d Uczniowski wraz z wychowawcami klas zorganizowa\u0142 zabaw\u0119 andrzejkow\u0105. Przedszkolaki wraz z uczniami klas I-III prze\u017cyli wspania\u0142y dzie\u0144 pe\u0142en magii, konkurs\u00f3w i ta\u0144ca przy d\u017awi\u0119kach znanych przeboj\u00f3w.<\/p>\n\n\n\n<p>&nbsp;&nbsp;&nbsp;&nbsp;&nbsp;&nbsp;&nbsp;&nbsp;&nbsp;&nbsp;&nbsp; Zar\u00f3wno m\u0142odsi jak i starsi uczniowie naszej szko\u0142y pokazali, \u017ce naprawd\u0119 lubi\u0105 i umiej\u0105 si\u0119 bawi\u0107. Najpierw w po\u0142udnie do ta\u0144ca ruszy\u0142o \u201eprzedszkole\u201d wraz z klasami I-III, natomiast popo\u0142udnie i wiecz\u00f3r nale\u017ca\u0142 do klas IV-VIII. Najwi\u0119cej rado\u015bci sprawi\u0142y wszystkim zabawy taneczne i konkursy. Atrakcj\u0105 dnia by\u0142 r\u00f3wnie\u017c pyszny pocz\u0119stunek.<\/p>\n\n\n\n<p>&nbsp;&nbsp;&nbsp;&nbsp;&nbsp;&nbsp;&nbsp;&nbsp;&nbsp;&nbsp;&nbsp; Serdecznie dzi\u0119kujemy wszystkim rodzicom za zaanga\u017cowanie w przygotowanie wspania\u0142ej zabawy. Rado\u015bci oraz u\u015bmiechu by\u0142o wiele i wszyscy z ut\u0119sknieniem czekaj\u0105 ju\u017c na nast\u0119pny andrzejkowy bal.<\/p>\n\n\n\n<p class=\"has-text-align-right\">Samorz\u0105d Uczniowski<\/p>\n","protected":false},"excerpt":{"rendered":"<p>radycyjnie jak co roku w wigili\u0119 \u015bw. Andrzeja Samorz\u0105d Uczniowski wraz z wychowawcami klas zorganizowa\u0142 zabaw\u0119 andrzejkow\u0105. Przedszkolaki wraz z uczniami klas I-III prze\u017cyli wspania\u0142y dzie\u0144 pe\u0142en magii, konkurs\u00f3w i ta\u0144ca przy d\u017awi\u0119kach znanych przeboj\u00f3w. &nbsp;&nbsp;&nbsp;&nbsp;&nbsp;&nbsp;&nbsp;&nbsp;&nbsp;&nbsp;&nbsp; Zar\u00f3wno m\u0142odsi jak i starsi uczniowie naszej szko\u0142y pokazali, \u017ce naprawd\u0119 lubi\u0105 i umiej\u0105 si\u0119 bawi\u0107. Najpierw w po\u0142udnie [&hellip;]<\/p>\n","protected":false},"author":1,"featured_media":9554,"comment_status":"open","ping_status":"open","sticky":false,"template":"","format":"standard","meta":{"ngg_post_thumbnail":0,"footnotes":""},"categories":[21],"tags":[],"class_list":["post-9553","post","type-post","status-publish","format-standard","has-post-thumbnail","hentry","category-oddzial-przedszkolny"],"_links":{"self":[{"href":"https:\/\/spsuchy.pl\/index.php\/wp-json\/wp\/v2\/posts\/9553","targetHints":{"allow":["GET"]}}],"collection":[{"href":"https:\/\/spsuchy.pl\/index.php\/wp-json\/wp\/v2\/posts"}],"about":[{"href":"https:\/\/spsuchy.pl\/index.php\/wp-json\/wp\/v2\/types\/post"}],"author":[{"embeddable":true,"href":"https:\/\/spsuchy.pl\/index.php\/wp-json\/wp\/v2\/users\/1"}],"replies":[{"embeddable":true,"href":"https:\/\/spsuchy.pl\/index.php\/wp-json\/wp\/v2\/comments?post=9553"}],"version-history":[{"count":1,"href":"https:\/\/spsuchy.pl\/index.php\/wp-json\/wp\/v2\/posts\/9553\/revisions"}],"predecessor-version":[{"id":9555,"href":"https:\/\/spsuchy.pl\/index.php\/wp-json\/wp\/v2\/posts\/9553\/revisions\/9555"}],"wp:featuredmedia":[{"embeddable":true,"href":"https:\/\/spsuchy.pl\/index.php\/wp-json\/wp\/v2\/media\/9554"}],"wp:attachment":[{"href":"https:\/\/spsuchy.pl\/index.php\/wp-json\/wp\/v2\/media?parent=9553"}],"wp:term":[{"taxonomy":"category","embeddable":true,"href":"https:\/\/spsuchy.pl\/index.php\/wp-json\/wp\/v2\/categories?post=9553"},{"taxonomy":"post_tag","embeddable":true,"href":"https:\/\/spsuchy.pl\/index.php\/wp-json\/wp\/v2\/tags?post=9553"}],"curies":[{"name":"wp","href":"https:\/\/api.w.org\/{rel}","templated":true}]}}