{"id":8947,"date":"2025-11-26T18:54:36","date_gmt":"2025-11-26T18:54:36","guid":{"rendered":"https:\/\/spsuchy.pl\/?p=8947"},"modified":"2025-11-26T18:54:36","modified_gmt":"2025-11-26T18:54:36","slug":"miedzynarodowy-dzien-misia-w-naszej-szkole","status":"publish","type":"post","link":"https:\/\/spsuchy.pl\/index.php\/2025\/11\/26\/miedzynarodowy-dzien-misia-w-naszej-szkole\/","title":{"rendered":"Mi\u0119dzynarodowy Dzie\u0144 Misia w naszej szkole"},"content":{"rendered":"\n<figure class=\"wp-block-video aligncenter\"><video controls src=\"https:\/\/spsuchy.pl\/wp-content\/uploads\/2025\/11\/copy_6F26F618-58DB-42E4-9ACC-7FDAAF5D0740-1.mov\"><\/video><\/figure>\n\n\n\n<p>We wtorek, 25 listopada, w naszej szkole obchodzili\u015bmy Mi\u0119dzynarodowy Dzie\u0144 Pluszowego Misia. Ju\u017c od rana na korytarzach mo\u017cna by\u0142o zobaczy\u0107 uczni\u00f3w nios\u0105cych swoje ulubione pluszaki \u2013 ma\u0142e, du\u017ce, kolorowe i bardzo wyj\u0105tkowe. Towarzyszy\u0142y im przez ca\u0142y dzie\u0144, wywo\u0142uj\u0105c du\u017co rado\u015bci i u\u015bmiechu. Samorz\u0105d uczniowski przygotowa\u0142 specjalny \u201eMisiowy czerwony dywan\u201d, na kt\u00f3rym mo\u017cna by\u0142o zrobi\u0107 sobie pami\u0105tkowe zdj\u0119cie. Na korytarzu pojawi\u0142a si\u0119 tak\u017ce wystawa ksi\u0105\u017cek o misiach oraz klasowe galerie prac plastycznych.&nbsp;&nbsp;&nbsp; Obchody Mi\u0119dzynarodowego Dnia Misia by\u0142y \u015bwietn\u0105 okazj\u0105 do wsp\u00f3lnej zabawy i integracji, ale tak\u017ce do przypomnienia, \u017ce pluszaki to nie tylko zabawki \u2013 cz\u0119sto s\u0105 naszymi pierwszymi przyjaci\u00f3\u0142mi i wiernymi towarzyszami. To by\u0142 dzie\u0144 pe\u0142en u\u015bmiech\u00f3w, ciep\u0142a i misiowej atmosfery, kt\u00f3ry na d\u0142ugo pozostanie w pami\u0119ci uczni\u00f3w.<\/p>\n\n\n\n<p class=\"has-text-align-right\"><strong>\u00a0\u00a0\u00a0\u00a0\u00a0\u00a0\u00a0\u00a0\u00a0\u00a0\u00a0\u00a0\u00a0\u00a0\u00a0\u00a0\u00a0\u00a0\u00a0\u00a0\u00a0\u00a0\u00a0\u00a0\u00a0\u00a0\u00a0\u00a0\u00a0\u00a0\u00a0\u00a0\u00a0\u00a0\u00a0\u00a0\u00a0\u00a0\u00a0\u00a0\u00a0\u00a0\u00a0\u00a0\u00a0\u00a0\u00a0\u00a0\u00a0\u00a0\u00a0\u00a0\u00a0\u00a0\u00a0\u00a0\u00a0\u00a0\u00a0\u00a0\u00a0\u00a0\u00a0\u00a0\u00a0\u00a0\u00a0\u00a0\u00a0\u00a0\u00a0\u00a0\u00a0\u00a0\u00a0\u00a0\u00a0\u00a0\u00a0\u00a0\u00a0\u00a0\u00a0\u00a0\u00a0\u00a0\u00a0\u00a0\u00a0\u00a0\u00a0\u00a0\u00a0\u00a0\u00a0\u00a0\u00a0\u00a0\u00a0\u00a0\u00a0\u00a0\u00a0\u00a0\u00a0\u00a0\u00a0\u00a0\u00a0\u00a0\u00a0\u00a0\u00a0\u00a0\u00a0\u00a0\u00a0\u00a0\u00a0\u00a0\u00a0\u00a0\u00a0\u00a0\u00a0\u00a0\u00a0\u00a0Samorz\u0105d Uczniowski<\/strong><\/p>\n\n\n\nngg_shortcode_0_placeholder\n","protected":false},"excerpt":{"rendered":"<p>We wtorek, 25 listopada, w naszej szkole obchodzili\u015bmy Mi\u0119dzynarodowy Dzie\u0144 Pluszowego Misia. Ju\u017c od rana na korytarzach mo\u017cna by\u0142o zobaczy\u0107 uczni\u00f3w nios\u0105cych swoje ulubione pluszaki \u2013 ma\u0142e, du\u017ce, kolorowe i bardzo wyj\u0105tkowe. Towarzyszy\u0142y im przez ca\u0142y dzie\u0144, wywo\u0142uj\u0105c du\u017co rado\u015bci i u\u015bmiechu. Samorz\u0105d uczniowski przygotowa\u0142 specjalny \u201eMisiowy czerwony dywan\u201d, na kt\u00f3rym mo\u017cna by\u0142o zrobi\u0107 sobie [&hellip;]<\/p>\n","protected":false},"author":1,"featured_media":8955,"comment_status":"open","ping_status":"open","sticky":false,"template":"","format":"standard","meta":{"ngg_post_thumbnail":0,"footnotes":""},"categories":[22,23],"tags":[],"class_list":["post-8947","post","type-post","status-publish","format-standard","has-post-thumbnail","hentry","category-baner","category-z-zycia-szkoly"],"_links":{"self":[{"href":"https:\/\/spsuchy.pl\/index.php\/wp-json\/wp\/v2\/posts\/8947","targetHints":{"allow":["GET"]}}],"collection":[{"href":"https:\/\/spsuchy.pl\/index.php\/wp-json\/wp\/v2\/posts"}],"about":[{"href":"https:\/\/spsuchy.pl\/index.php\/wp-json\/wp\/v2\/types\/post"}],"author":[{"embeddable":true,"href":"https:\/\/spsuchy.pl\/index.php\/wp-json\/wp\/v2\/users\/1"}],"replies":[{"embeddable":true,"href":"https:\/\/spsuchy.pl\/index.php\/wp-json\/wp\/v2\/comments?post=8947"}],"version-history":[{"count":0,"href":"https:\/\/spsuchy.pl\/index.php\/wp-json\/wp\/v2\/posts\/8947\/revisions"}],"wp:featuredmedia":[{"embeddable":true,"href":"https:\/\/spsuchy.pl\/index.php\/wp-json\/"}],"wp:attachment":[{"href":"https:\/\/spsuchy.pl\/index.php\/wp-json\/wp\/v2\/media?parent=8947"}],"wp:term":[{"taxonomy":"category","embeddable":true,"href":"https:\/\/spsuchy.pl\/index.php\/wp-json\/wp\/v2\/categories?post=8947"},{"taxonomy":"post_tag","embeddable":true,"href":"https:\/\/spsuchy.pl\/index.php\/wp-json\/wp\/v2\/tags?post=8947"}],"curies":[{"name":"wp","href":"https:\/\/api.w.org\/{rel}","templated":true}]}}