{"id":8936,"date":"2025-11-25T17:40:00","date_gmt":"2025-11-25T17:40:00","guid":{"rendered":"https:\/\/spsuchy.pl\/?p=8936"},"modified":"2025-11-25T17:40:00","modified_gmt":"2025-11-25T17:40:00","slug":"cyfrowy-uczen","status":"publish","type":"post","link":"https:\/\/spsuchy.pl\/index.php\/2025\/11\/25\/cyfrowy-uczen\/","title":{"rendered":"Cyfrowy Ucze\u0144"},"content":{"rendered":"\n<p>Gmina Rzepiennik Strzy\u017cewski w 22 pa\u017adziernika 2025 r. podpisa\u0142a umow\u0119 z Wojewod\u0105 Ma\u0142opolskim na realizacj\u0119 Rz\u0105dowego programu wspierania organ\u00f3w prowadz\u0105cych szko\u0142y i plac\u00f3wki w rozwijaniu umiej\u0119tno\u015bci cyfrowych dzieci i m\u0142odzie\u017cy na lata 2025-2029 \u2013 \u201eCyfrowy Ucze\u0144\u201d.<\/p>\n\n\n\n<p>Celem dotacji jest rozwijanie infrastruktury plac\u00f3wek wychowania przedszkolnego i plac\u00f3wek, poprzez doposa\u017cenie w sprz\u0119t, pomoce dydaktyczne lub narz\u0119dzia, wybrane przez plac\u00f3wki wychowania przedszkolnego lub plac\u00f3wki zgodnie z ich zdefiniowanymi potrzebami oraz podniesienie kompetencji w zakresie stosowania nowoczesnych technologii.<\/p>\n\n\n\n<p>Dzi\u0119ki uzyskaniu wsparcia finansowego, w ramach programu \u201eCyfrowy Ucze\u0144\u201d doposa\u017cone zostan\u0105 Przedszkole Publiczne w Turzy, Przedszkole Publiczne w Rzepienniku Biskupim, Szko\u0142a Podstawowa w Olszynach, Szko\u0142a Podstawowa w Rzepienniku Suchym.<\/p>\n\n\n\n<p><strong><u>Ca\u0142kowita warto\u015b\u0107 zadania wynosi 75&nbsp;000,00 z\u0142otych, z czego 60&nbsp;000,00 z\u0142otych stanowi dofinansowanie ze \u015brodk\u00f3w Ministerstwa Edukacji Narodowej, wk\u0142ad w\u0142asny Gminy stanowi 15 000,00 z\u0142otych.<\/u><\/strong><\/p>\n\n\n\n<p>Realizacja zadania zaplanowana jest do 31 grudnia 2025 r.<\/p>\n\n\n\n<div class=\"wp-block-image\"><figure class=\"aligncenter size-large\"><img decoding=\"async\" src=\"https:\/\/spsuchy.pl\/wp-content\/uploads\/2025\/11\/plakat.png\" alt=\"\" class=\"wp-image-8937\"\/><\/figure><\/div>\n","protected":false},"excerpt":{"rendered":"<p>Gmina Rzepiennik Strzy\u017cewski w 22 pa\u017adziernika 2025 r. podpisa\u0142a umow\u0119 z Wojewod\u0105 Ma\u0142opolskim na realizacj\u0119 Rz\u0105dowego programu wspierania organ\u00f3w prowadz\u0105cych szko\u0142y i plac\u00f3wki w rozwijaniu umiej\u0119tno\u015bci cyfrowych dzieci i m\u0142odzie\u017cy na lata 2025-2029 \u2013 \u201eCyfrowy Ucze\u0144\u201d. Celem dotacji jest rozwijanie infrastruktury plac\u00f3wek wychowania przedszkolnego i plac\u00f3wek, poprzez doposa\u017cenie w sprz\u0119t, pomoce dydaktyczne lub narz\u0119dzia, wybrane [&hellip;]<\/p>\n","protected":false},"author":1,"featured_media":8937,"comment_status":"open","ping_status":"open","sticky":false,"template":"","format":"standard","meta":{"ngg_post_thumbnail":0,"footnotes":""},"categories":[22,23],"tags":[],"class_list":["post-8936","post","type-post","status-publish","format-standard","has-post-thumbnail","hentry","category-baner","category-z-zycia-szkoly"],"_links":{"self":[{"href":"https:\/\/spsuchy.pl\/index.php\/wp-json\/wp\/v2\/posts\/8936","targetHints":{"allow":["GET"]}}],"collection":[{"href":"https:\/\/spsuchy.pl\/index.php\/wp-json\/wp\/v2\/posts"}],"about":[{"href":"https:\/\/spsuchy.pl\/index.php\/wp-json\/wp\/v2\/types\/post"}],"author":[{"embeddable":true,"href":"https:\/\/spsuchy.pl\/index.php\/wp-json\/wp\/v2\/users\/1"}],"replies":[{"embeddable":true,"href":"https:\/\/spsuchy.pl\/index.php\/wp-json\/wp\/v2\/comments?post=8936"}],"version-history":[{"count":0,"href":"https:\/\/spsuchy.pl\/index.php\/wp-json\/wp\/v2\/posts\/8936\/revisions"}],"wp:featuredmedia":[{"embeddable":true,"href":"https:\/\/spsuchy.pl\/index.php\/wp-json\/"}],"wp:attachment":[{"href":"https:\/\/spsuchy.pl\/index.php\/wp-json\/wp\/v2\/media?parent=8936"}],"wp:term":[{"taxonomy":"category","embeddable":true,"href":"https:\/\/spsuchy.pl\/index.php\/wp-json\/wp\/v2\/categories?post=8936"},{"taxonomy":"post_tag","embeddable":true,"href":"https:\/\/spsuchy.pl\/index.php\/wp-json\/wp\/v2\/tags?post=8936"}],"curies":[{"name":"wp","href":"https:\/\/api.w.org\/{rel}","templated":true}]}}