{"id":8872,"date":"2025-11-09T17:50:00","date_gmt":"2025-11-09T17:50:00","guid":{"rendered":"https:\/\/spsuchy.pl\/?p=8872"},"modified":"2025-11-09T17:50:00","modified_gmt":"2025-11-09T17:50:00","slug":"swietujemy-niepodleglosc","status":"publish","type":"post","link":"https:\/\/spsuchy.pl\/index.php\/2025\/11\/09\/swietujemy-niepodleglosc\/","title":{"rendered":"\u015awi\u0119tujemy Niepodleg\u0142o\u015b\u0107"},"content":{"rendered":"\n<p>Dnia 7 listopada w naszej szkole odby\u0142a si\u0119 uroczysta akademia, podczas kt\u00f3rej uczcili\u015bmy 107. rocznic\u0119 odzyskania przez Polsk\u0119 niepodleg\u0142o\u015bci.<\/p>\n\n\n\n<p>&nbsp;&nbsp;&nbsp;&nbsp;&nbsp;&nbsp;&nbsp;&nbsp;&nbsp;&nbsp;&nbsp; Przedstawiciele uczni\u00f3w z kl. IV, VI, VII, VIII zaprezentowali cz\u0119\u015b\u0107 artystyczn\u0105,<br>w kt\u00f3rej poprzez wiersze i &nbsp;pie\u015bni patriotyczne przypomnieli trudn\u0105 drog\u0119 Polak\u00f3w do wolno\u015bci. Nast\u0119pnie wyst\u0105pili uczniowie klasy III recytuj\u0105c wiersz pt.&nbsp; &#8222;Dzisiaj wielka jest rocznica&#8221;.&nbsp; Uroczysto\u015b\u0107 zako\u0144czy\u0142 \u015bpiew hymnu pa\u0144stwowego.<\/p>\n\n\n\n<p>&nbsp;&nbsp;&nbsp;&nbsp;&nbsp;&nbsp;&nbsp;&nbsp;&nbsp;&nbsp;&nbsp; Niech w naszym \u017cyciu towarzyszy nam przes\u0142anie akademii &#8211; &#8222;Jeszcze Polska nie zgin\u0119\u0142a, p\u00f3ki my \u017cyjemy&#8221;.&nbsp; Pami\u0119tajmy o bohaterach i wyra\u017cajmy im wdzi\u0119czno\u015b\u0107 za wolno\u015b\u0107, kt\u00f3r\u0105 dzi\u015b mo\u017cemy si\u0119 cieszy\u0107.<\/p>\n\n\n\n<p class=\"has-text-align-right\">&nbsp;&nbsp;&nbsp;&nbsp;&nbsp;&nbsp;&nbsp;&nbsp;&nbsp;&nbsp;&nbsp; Urszula Gogola, Dorota Ku\u015b<\/p>\n\n\n\nngg_shortcode_0_placeholder\n","protected":false},"excerpt":{"rendered":"<p>Dnia 7 listopada w naszej szkole odby\u0142a si\u0119 uroczysta akademia, podczas kt\u00f3rej uczcili\u015bmy 107. rocznic\u0119 odzyskania przez Polsk\u0119 niepodleg\u0142o\u015bci. &nbsp;&nbsp;&nbsp;&nbsp;&nbsp;&nbsp;&nbsp;&nbsp;&nbsp;&nbsp;&nbsp; Przedstawiciele uczni\u00f3w z kl. IV, VI, VII, VIII zaprezentowali cz\u0119\u015b\u0107 artystyczn\u0105,w kt\u00f3rej poprzez wiersze i &nbsp;pie\u015bni patriotyczne przypomnieli trudn\u0105 drog\u0119 Polak\u00f3w do wolno\u015bci. Nast\u0119pnie wyst\u0105pili uczniowie klasy III recytuj\u0105c wiersz pt.&nbsp; &#8222;Dzisiaj wielka jest rocznica&#8221;.&nbsp; [&hellip;]<\/p>\n","protected":false},"author":1,"featured_media":8874,"comment_status":"open","ping_status":"open","sticky":false,"template":"","format":"standard","meta":{"ngg_post_thumbnail":4438,"footnotes":""},"categories":[22,23],"tags":[],"class_list":["post-8872","post","type-post","status-publish","format-standard","has-post-thumbnail","hentry","category-baner","category-z-zycia-szkoly"],"_links":{"self":[{"href":"https:\/\/spsuchy.pl\/index.php\/wp-json\/wp\/v2\/posts\/8872","targetHints":{"allow":["GET"]}}],"collection":[{"href":"https:\/\/spsuchy.pl\/index.php\/wp-json\/wp\/v2\/posts"}],"about":[{"href":"https:\/\/spsuchy.pl\/index.php\/wp-json\/wp\/v2\/types\/post"}],"author":[{"embeddable":true,"href":"https:\/\/spsuchy.pl\/index.php\/wp-json\/wp\/v2\/users\/1"}],"replies":[{"embeddable":true,"href":"https:\/\/spsuchy.pl\/index.php\/wp-json\/wp\/v2\/comments?post=8872"}],"version-history":[{"count":0,"href":"https:\/\/spsuchy.pl\/index.php\/wp-json\/wp\/v2\/posts\/8872\/revisions"}],"wp:featuredmedia":[{"embeddable":true,"href":"https:\/\/spsuchy.pl\/index.php\/wp-json\/"}],"wp:attachment":[{"href":"https:\/\/spsuchy.pl\/index.php\/wp-json\/wp\/v2\/media?parent=8872"}],"wp:term":[{"taxonomy":"category","embeddable":true,"href":"https:\/\/spsuchy.pl\/index.php\/wp-json\/wp\/v2\/categories?post=8872"},{"taxonomy":"post_tag","embeddable":true,"href":"https:\/\/spsuchy.pl\/index.php\/wp-json\/wp\/v2\/tags?post=8872"}],"curies":[{"name":"wp","href":"https:\/\/api.w.org\/{rel}","templated":true}]}}