{"id":8769,"date":"2025-10-17T16:24:00","date_gmt":"2025-10-17T16:24:00","guid":{"rendered":"https:\/\/spsuchy.pl\/?p=8769"},"modified":"2025-10-17T16:24:00","modified_gmt":"2025-10-17T16:24:00","slug":"slubujemy-3","status":"publish","type":"post","link":"https:\/\/spsuchy.pl\/index.php\/2025\/10\/17\/slubujemy-3\/","title":{"rendered":"\u015alubujemy!"},"content":{"rendered":"\n<p>Tradycj\u0105 naszej szko\u0142y jest, \u017ce najm\u0142odsi uczniowie w pa\u017adzierniku prze\u017cywaj\u0105 swoj\u0105 pierwsz\u0105 wa\u017cn\u0105 uroczysto\u015b\u0107 jak\u0105 jest pasowanie na ucznia pierwszej klasy. 14 pa\u017adziernika na sali gimnastycznej pierwszoklasi\u015bci od\u015bwi\u0119tnie ubrani i przej\u0119ci, w obecno\u015bci swoich najbli\u017cszych&nbsp; zaprezentowali swoje umiej\u0119tno\u015bci recytatorskie i wokalne. Po zako\u0144czeniu cz\u0119\u015bci artystycznej uczniowie \u015blubowali by\u0107 dobrymi Polakami, godnie reprezentowa\u0107 swoj\u0105 szko\u0142\u0119, swym zachowaniem i nauk\u0105 sprawia\u0107 rado\u015b\u0107 rodzicom i nauczycielom.<\/p>\n\n\n\n<p>Po z\u0142o\u017ceniu \u015blubowania Pani Dyrektor dokona\u0142a symbolicznego pasowania na ucznia. Wielk\u0105 kredk\u0105, jak czarodziejsk\u0105 r\u00f3\u017cd\u017ck\u0105 dotyka\u0142a ramion swoich podopiecznych. Nie oby\u0142o si\u0119 te\u017c bez upomink\u00f3w od oraz pami\u0105tkowych zdj\u0119\u0107. Na zako\u0144czenie uczniowie wraz z rodzicami udali si\u0119 na s\u0142odki pocz\u0119stunek.<\/p>\n\n\n\n<p>Wszystkim pierwszakom \u017cyczymy, aby ten dzie\u0144 pozosta\u0142 w ich pami\u0119ci jako wielkie prze\u017cycie i niezapomniana, radosna chwila.<\/p>\n\n\n\nngg_shortcode_0_placeholder\n","protected":false},"excerpt":{"rendered":"<p>Tradycj\u0105 naszej szko\u0142y jest, \u017ce najm\u0142odsi uczniowie w pa\u017adzierniku prze\u017cywaj\u0105 swoj\u0105 pierwsz\u0105 wa\u017cn\u0105 uroczysto\u015b\u0107 jak\u0105 jest pasowanie na ucznia pierwszej klasy. 14 pa\u017adziernika na sali gimnastycznej pierwszoklasi\u015bci od\u015bwi\u0119tnie ubrani i przej\u0119ci, w obecno\u015bci swoich najbli\u017cszych&nbsp; zaprezentowali swoje umiej\u0119tno\u015bci recytatorskie i wokalne. Po zako\u0144czeniu cz\u0119\u015bci artystycznej uczniowie \u015blubowali by\u0107 dobrymi Polakami, godnie reprezentowa\u0107 swoj\u0105 szko\u0142\u0119, swym [&hellip;]<\/p>\n","protected":false},"author":1,"featured_media":8771,"comment_status":"open","ping_status":"open","sticky":false,"template":"","format":"standard","meta":{"ngg_post_thumbnail":4367,"footnotes":""},"categories":[22,23],"tags":[],"class_list":["post-8769","post","type-post","status-publish","format-standard","has-post-thumbnail","hentry","category-baner","category-z-zycia-szkoly"],"_links":{"self":[{"href":"https:\/\/spsuchy.pl\/index.php\/wp-json\/wp\/v2\/posts\/8769","targetHints":{"allow":["GET"]}}],"collection":[{"href":"https:\/\/spsuchy.pl\/index.php\/wp-json\/wp\/v2\/posts"}],"about":[{"href":"https:\/\/spsuchy.pl\/index.php\/wp-json\/wp\/v2\/types\/post"}],"author":[{"embeddable":true,"href":"https:\/\/spsuchy.pl\/index.php\/wp-json\/wp\/v2\/users\/1"}],"replies":[{"embeddable":true,"href":"https:\/\/spsuchy.pl\/index.php\/wp-json\/wp\/v2\/comments?post=8769"}],"version-history":[{"count":0,"href":"https:\/\/spsuchy.pl\/index.php\/wp-json\/wp\/v2\/posts\/8769\/revisions"}],"wp:featuredmedia":[{"embeddable":true,"href":"https:\/\/spsuchy.pl\/index.php\/wp-json\/"}],"wp:attachment":[{"href":"https:\/\/spsuchy.pl\/index.php\/wp-json\/wp\/v2\/media?parent=8769"}],"wp:term":[{"taxonomy":"category","embeddable":true,"href":"https:\/\/spsuchy.pl\/index.php\/wp-json\/wp\/v2\/categories?post=8769"},{"taxonomy":"post_tag","embeddable":true,"href":"https:\/\/spsuchy.pl\/index.php\/wp-json\/wp\/v2\/tags?post=8769"}],"curies":[{"name":"wp","href":"https:\/\/api.w.org\/{rel}","templated":true}]}}