{"id":8715,"date":"2025-10-10T06:26:00","date_gmt":"2025-10-10T06:26:00","guid":{"rendered":"https:\/\/spsuchy.pl\/?p=8715"},"modified":"2025-10-10T06:26:00","modified_gmt":"2025-10-10T06:26:00","slug":"tydzien-przeciwdzialania-przemocy-rowiesniczej-w-naszej-szkole","status":"publish","type":"post","link":"https:\/\/spsuchy.pl\/index.php\/2025\/10\/10\/tydzien-przeciwdzialania-przemocy-rowiesniczej-w-naszej-szkole\/","title":{"rendered":"Tydzie\u0144 Przeciwdzia\u0142ania Przemocy R\u00f3wie\u015bniczej w naszej szkole"},"content":{"rendered":"\n<p>W dniach od <strong>29 wrze\u015bnia do 3 pa\u017adziernika <\/strong>w naszej szkole odby\u0142 si\u0119 <strong>Tydzie\u0144 Przeciwdzia\u0142ania Przemocy R\u00f3wie\u015bniczej<\/strong> \u2013 inicjatywa maj\u0105ca na celu zwi\u0119kszenie \u015bwiadomo\u015bci uczni\u00f3w, nauczycieli i rodzic\u00f3w na temat r\u00f3\u017cnych form przemocy, a tak\u017ce promowanie postaw opartych na szacunku, empatii i wsp\u00f3\u0142pracy. G\u0142\u00f3wnym celem tygodnia by\u0142o uwra\u017cliwienie spo\u0142eczno\u015bci szkolnej na problem przemocy fizycznej, psychicznej\u00a0i cyberprzemocy, promowanie idei \u017cyczliwo\u015bci, tolerancji, wzajemnej pomocy oraz budowanie bezpiecznego i przyjaznego klimatu w szkole. \u00a0\u00a0\u00a0\u00a0<\/p>\n\n\n\n<p> Uczniowie klas I \u2013 VIII wzi\u0119li udzia\u0142 w warsztatach z pedagogiem szkolnym oraz psychologiem szkolnym dot. tematyki przeciwdzia\u0142ania przemocy r\u00f3wie\u015bniczej pt: \u201eSzanujemy si\u0119! M\u00f3wimy NIE krzywdzeniu &#8211; ka\u017cdy z nas ma prawo do bezpiecze\u0144stwa\u201d, \u201e \u017byczliwo\u015b\u0107 jest jak echo\u201d oraz\u00a0 \u201eJestem przyjacielem \u2013 nie rani\u0119\u201d.\u00a0\u00a0\u00a0\u00a0\u00a0\u00a0\u00a0\u00a0\u00a0\u00a0\u00a0\u00a0\u00a0\u00a0\u00a0\u00a0\u00a0\u00a0\u00a0\u00a0\u00a0\u00a0\u00a0\u00a0\u00a0\u00a0\u00a0\u00a0 \u00a0\u00a0\u00a0\u00a0\u00a0\u00a0\u00a0\u00a0\u00a0\u00a0\u00a0 <\/p>\n\n\n\n<p>Tydzie\u0144 Przeciwdzia\u0142ania Przemocy R\u00f3wie\u015bniczej pokaza\u0142, jak wa\u017cna jest rozmowa\u00a0o emocjach, szacunek i wsparcie w\u015br\u00f3d r\u00f3wie\u015bnik\u00f3w. Uczniowie aktywnie uczestniczyli w przygotowanych wydarzeniach, wykazuj\u0105c du\u017ce zaanga\u017cowanie i kreatywno\u015b\u0107. Dzi\u0119ki wsp\u00f3lnej pracy nauczycieli oraz uczni\u00f3w uda\u0142o si\u0119 stworzy\u0107 atmosfer\u0119 otwarto\u015bci, zaufania, kt\u00f3ra \u2013 mamy nadziej\u0119 \u2013 pozostanie z nami na d\u0142u\u017cej.<\/p>\n\n\n\n<p>\u00a0\u00a0\u00a0\u00a0\u00a0\u00a0\u00a0\u00a0\u00a0\u00a0\u00a0\u00a0\u00a0\u00a0\u00a0\u00a0\u00a0\u00a0\u00a0\u00a0\u00a0\u00a0\u00a0\u00a0\u00a0\u00a0\u00a0\u00a0\u00a0\u00a0\u00a0\u00a0\u00a0\u00a0\u00a0\u00a0\u00a0\u00a0\u00a0\u00a0\u00a0\u00a0\u00a0\u00a0\u00a0\u00a0\u00a0\u00a0\u00a0\u00a0\u00a0\u00a0\u00a0\u00a0\u00a0\u00a0\u00a0\u00a0\u00a0\u00a0\u00a0\u00a0\u00a0\u00a0\u00a0\u00a0\u00a0\u00a0\u00a0\u00a0\u00a0\u00a0\u00a0\u00a0\u00a0\u00a0\u00a0\u00a0\u00a0\u00a0\u00a0\u00a0\u00a0\u00a0\u00a0\u00a0\u00a0\u00a0\u00a0\u00a0\u00a0\u00a0\u00a0\u00a0\u00a0\u00a0\u00a0\u00a0\u00a0\u00a0\u00a0\u00a0\u00a0\u00a0\u00a0\u00a0\u00a0\u00a0\u00a0\u00a0\u00a0\u00a0\u00a0\u00a0\u00a0\u00a0\u00a0\u00a0 Sylwia Bajorek<\/p>\n\n\n\n<p>&nbsp;&nbsp;&nbsp;&nbsp;&nbsp;&nbsp;&nbsp;&nbsp;&nbsp;&nbsp;&nbsp;&nbsp;&nbsp;&nbsp;&nbsp;&nbsp;&nbsp;&nbsp;&nbsp;&nbsp;&nbsp;&nbsp;&nbsp;&nbsp;&nbsp;&nbsp;&nbsp;&nbsp;&nbsp;&nbsp;&nbsp;&nbsp;&nbsp;&nbsp;&nbsp;&nbsp;&nbsp;&nbsp;&nbsp;&nbsp;&nbsp;&nbsp;&nbsp;&nbsp;&nbsp;&nbsp;&nbsp;&nbsp;&nbsp;&nbsp;&nbsp;&nbsp;&nbsp;&nbsp;&nbsp;&nbsp;&nbsp;&nbsp;&nbsp;&nbsp;&nbsp;&nbsp;&nbsp;&nbsp;&nbsp;&nbsp;&nbsp;&nbsp;&nbsp;&nbsp; &nbsp;&nbsp;&nbsp;&nbsp;&nbsp;&nbsp;&nbsp;&nbsp;&nbsp;&nbsp;&nbsp;&nbsp;&nbsp;&nbsp;&nbsp;&nbsp;&nbsp;&nbsp;&nbsp;&nbsp;&nbsp;&nbsp;&nbsp;&nbsp;&nbsp;&nbsp;&nbsp;&nbsp;&nbsp;&nbsp;&nbsp;&nbsp;&nbsp;&nbsp;&nbsp;&nbsp;&nbsp;&nbsp;&nbsp;&nbsp;&nbsp;&nbsp;&nbsp;&nbsp;&nbsp;&nbsp; pedagog szkolny<\/p>\n\n\n\n<div class=\"wp-block-file\"><a href=\"https:\/\/spsuchy.pl\/wp-content\/uploads\/2025\/10\/Tydzien-Przeciwdzialania-Przemocy-Rowiesniczej.pdf\">Tydzie\u0144 Przeciwdzia\u0142ania Przemocy R\u00f3wie\u015bniczej<\/a><a href=\"https:\/\/spsuchy.pl\/wp-content\/uploads\/2025\/10\/Tydzien-Przeciwdzialania-Przemocy-Rowiesniczej.pdf\" class=\"wp-block-file__button\" download>Pobierz<\/a><\/div>\n\n\n\n<div class=\"wp-block-file\"><a href=\"https:\/\/spsuchy.pl\/wp-content\/uploads\/2025\/10\/Tydzien-Przeciwdzialania-Przemocy-Rowiesniczej-1.pdf\">Tydzie\u0144 Przeciwdzia\u0142ania Przemocy R\u00f3wie\u015bniczej<\/a><a href=\"https:\/\/spsuchy.pl\/wp-content\/uploads\/2025\/10\/Tydzien-Przeciwdzialania-Przemocy-Rowiesniczej-1.pdf\" class=\"wp-block-file__button\" download>Pobierz<\/a><\/div>\n","protected":false},"excerpt":{"rendered":"<p>W dniach od 29 wrze\u015bnia do 3 pa\u017adziernika w naszej szkole odby\u0142 si\u0119 Tydzie\u0144 Przeciwdzia\u0142ania Przemocy R\u00f3wie\u015bniczej \u2013 inicjatywa maj\u0105ca na celu zwi\u0119kszenie \u015bwiadomo\u015bci uczni\u00f3w, nauczycieli i rodzic\u00f3w na temat r\u00f3\u017cnych form przemocy, a tak\u017ce promowanie postaw opartych na szacunku, empatii i wsp\u00f3\u0142pracy. G\u0142\u00f3wnym celem tygodnia by\u0142o uwra\u017cliwienie spo\u0142eczno\u015bci szkolnej na problem przemocy fizycznej, psychicznej\u00a0i [&hellip;]<\/p>\n","protected":false},"author":1,"featured_media":8528,"comment_status":"open","ping_status":"open","sticky":false,"template":"","format":"standard","meta":{"ngg_post_thumbnail":0,"footnotes":""},"categories":[22,23],"tags":[],"class_list":["post-8715","post","type-post","status-publish","format-standard","has-post-thumbnail","hentry","category-baner","category-z-zycia-szkoly"],"_links":{"self":[{"href":"https:\/\/spsuchy.pl\/index.php\/wp-json\/wp\/v2\/posts\/8715","targetHints":{"allow":["GET"]}}],"collection":[{"href":"https:\/\/spsuchy.pl\/index.php\/wp-json\/wp\/v2\/posts"}],"about":[{"href":"https:\/\/spsuchy.pl\/index.php\/wp-json\/wp\/v2\/types\/post"}],"author":[{"embeddable":true,"href":"https:\/\/spsuchy.pl\/index.php\/wp-json\/wp\/v2\/users\/1"}],"replies":[{"embeddable":true,"href":"https:\/\/spsuchy.pl\/index.php\/wp-json\/wp\/v2\/comments?post=8715"}],"version-history":[{"count":0,"href":"https:\/\/spsuchy.pl\/index.php\/wp-json\/wp\/v2\/posts\/8715\/revisions"}],"wp:featuredmedia":[{"embeddable":true,"href":"https:\/\/spsuchy.pl\/index.php\/wp-json\/"}],"wp:attachment":[{"href":"https:\/\/spsuchy.pl\/index.php\/wp-json\/wp\/v2\/media?parent=8715"}],"wp:term":[{"taxonomy":"category","embeddable":true,"href":"https:\/\/spsuchy.pl\/index.php\/wp-json\/wp\/v2\/categories?post=8715"},{"taxonomy":"post_tag","embeddable":true,"href":"https:\/\/spsuchy.pl\/index.php\/wp-json\/wp\/v2\/tags?post=8715"}],"curies":[{"name":"wp","href":"https:\/\/api.w.org\/{rel}","templated":true}]}}