{"id":8502,"date":"2025-09-17T11:57:31","date_gmt":"2025-09-17T11:57:31","guid":{"rendered":"https:\/\/spsuchy.pl\/?p=8502"},"modified":"2025-09-17T11:57:31","modified_gmt":"2025-09-17T11:57:31","slug":"wybory-do-samorzadu-uczniowskiego-2","status":"publish","type":"post","link":"https:\/\/spsuchy.pl\/index.php\/2025\/09\/17\/wybory-do-samorzadu-uczniowskiego-2\/","title":{"rendered":"Wybory do Samorz\u0105du Uczniowskiego"},"content":{"rendered":"\n<p>We wtorek 16 wrze\u015bnia w naszej szkole odby\u0142y si\u0119 wybory do Samorz\u0105du Uczniowskiego. By\u0142o to wa\u017cne wydarzenie, poniewa\u017c samorz\u0105d pe\u0142ni istotn\u0105 rol\u0119 w \u017cyciu szko\u0142y \u2013 reprezentuje uczni\u00f3w, organizuje r\u00f3\u017cne akcje i dba o to, aby g\u0142os wszystkich klas by\u0142 s\u0142yszany.<\/p>\n\n\n\n<p>Przygotowania do wybor\u00f3w rozpocz\u0119\u0142y si\u0119 kilka dni wcze\u015bniej. Kandydaci mieli okazj\u0119 zaprezentowa\u0107 swoje pomys\u0142y i programy wyborcze, kt\u00f3re przedstawili wszystkim uczniom naszej szko\u0142y podczas kr\u00f3tkich przem\u00f3wie\u0144, w kt\u00f3rych opowiedzieli o swoich propozycjach dzia\u0142a\u0144, np. organizacja dyskotek, dni tematycznych czy akcji charytatywnych.<\/p>\n\n\n\n<p>G\u0142osowanie odby\u0142o si\u0119 w spos\u00f3b tajny. Ka\u017cdy ucze\u0144 m\u00f3g\u0142 odda\u0107 g\u0142os na swojego kandydata, wrzucaj\u0105c kartk\u0119 do specjalnie przygotowanej urny. Nad prawid\u0142owym przebiegiem g\u0142osowania czuwa\u0142a komisja wyborcza z\u0142o\u017cona z nauczyciela i przedstawicieli uczni\u00f3w.<\/p>\n\n\n\n<p>Po zako\u0144czeniu g\u0142osowania komisja podliczy\u0142a g\u0142osy i og\u0142osi\u0142a wyniki.<\/p>\n\n\n\n<p>Wybory wygra\u0142a <strong>Klaudia Mierzwa<\/strong>, kt\u00f3ra zosta\u0142a przewodnicz\u0105c\u0105 Samorz\u0105du Uczniowskiego. \u017byczymy jej wielu sukces\u00f3w w dzia\u0142alno\u015bci na rzecz naszej szkolnej spo\u0142eczno\u015bci oraz realizacji wszystkich pomys\u0142\u00f3w i plan\u00f3w.<\/p>\n\n\n\n<p>Zast\u0119pc\u0105 Samorz\u0105du Uczniowskiego zosta\u0142 <strong>Antoni Pietruszka<\/strong><\/p>\n\n\n\n<p>W sk\u0142ad Samorz\u0105du Uczniowskiego dodatkowo weszli: Julia Pociecha<\/p>\n\n\n\n<p>&nbsp;&nbsp;&nbsp;&nbsp;&nbsp;&nbsp;&nbsp;&nbsp;&nbsp;&nbsp;&nbsp;&nbsp;&nbsp;&nbsp;&nbsp;&nbsp;&nbsp;&nbsp;&nbsp;&nbsp;&nbsp;&nbsp;&nbsp;&nbsp;&nbsp;&nbsp;&nbsp;&nbsp;&nbsp;&nbsp;&nbsp;&nbsp;&nbsp;&nbsp;&nbsp;&nbsp;&nbsp;&nbsp;&nbsp;&nbsp;&nbsp;&nbsp;&nbsp;&nbsp;&nbsp;&nbsp;&nbsp;&nbsp;&nbsp;&nbsp;&nbsp;&nbsp;&nbsp;&nbsp;&nbsp;&nbsp;&nbsp;&nbsp;&nbsp;&nbsp;&nbsp;&nbsp;&nbsp;&nbsp;&nbsp;&nbsp;&nbsp;&nbsp;&nbsp;&nbsp;&nbsp;&nbsp;&nbsp;&nbsp;&nbsp;&nbsp;&nbsp;&nbsp;&nbsp;&nbsp;&nbsp;&nbsp;&nbsp;&nbsp;&nbsp;&nbsp;&nbsp;&nbsp;&nbsp; Nikodem \u017byrkowski<\/p>\n\n\n\n<p>&nbsp;&nbsp;&nbsp;&nbsp;&nbsp;&nbsp;&nbsp;&nbsp;&nbsp;&nbsp;&nbsp;&nbsp;&nbsp;&nbsp;&nbsp;&nbsp;&nbsp;&nbsp;&nbsp;&nbsp;&nbsp;&nbsp;&nbsp;&nbsp;&nbsp;&nbsp;&nbsp;&nbsp;&nbsp;&nbsp;&nbsp;&nbsp;&nbsp;&nbsp;&nbsp;&nbsp;&nbsp;&nbsp;&nbsp;&nbsp;&nbsp;&nbsp;&nbsp;&nbsp;&nbsp;&nbsp;&nbsp;&nbsp;&nbsp;&nbsp;&nbsp;&nbsp;&nbsp;&nbsp;&nbsp;&nbsp;&nbsp;&nbsp;&nbsp;&nbsp;&nbsp;&nbsp;&nbsp;&nbsp;&nbsp;&nbsp;&nbsp;&nbsp;&nbsp;&nbsp;&nbsp;&nbsp;&nbsp;&nbsp;&nbsp;&nbsp;&nbsp;&nbsp;&nbsp;&nbsp;&nbsp;&nbsp;&nbsp;&nbsp;&nbsp;&nbsp;&nbsp;&nbsp;&nbsp; Aleksander Skirka<\/p>\n\n\n\n<p>&nbsp;&nbsp;&nbsp;&nbsp;&nbsp;&nbsp;&nbsp;&nbsp;&nbsp;&nbsp;&nbsp;&nbsp;&nbsp;&nbsp;&nbsp;&nbsp;&nbsp;&nbsp;&nbsp;&nbsp;&nbsp;&nbsp;&nbsp;&nbsp;&nbsp;&nbsp; &nbsp;&nbsp;&nbsp;&nbsp;&nbsp;&nbsp;&nbsp;&nbsp;&nbsp;&nbsp;&nbsp;&nbsp;&nbsp;&nbsp;&nbsp;&nbsp;&nbsp;&nbsp;&nbsp;&nbsp;&nbsp;&nbsp;&nbsp;&nbsp;&nbsp;&nbsp;&nbsp;&nbsp;&nbsp;&nbsp;&nbsp;&nbsp;&nbsp;&nbsp;&nbsp;&nbsp;&nbsp;&nbsp;&nbsp;&nbsp;&nbsp;&nbsp;&nbsp;&nbsp;&nbsp;&nbsp;&nbsp;&nbsp;&nbsp;&nbsp;&nbsp;&nbsp;&nbsp;&nbsp;&nbsp;&nbsp;&nbsp;&nbsp;&nbsp;&nbsp;&nbsp;&nbsp;&nbsp;Marcin Gr\u0119bski<\/p>\n\n\n\n<p>&nbsp;&nbsp;&nbsp;&nbsp;&nbsp;&nbsp;&nbsp;&nbsp;&nbsp;&nbsp;&nbsp;&nbsp;&nbsp;&nbsp;&nbsp;&nbsp;&nbsp;&nbsp;&nbsp;&nbsp;&nbsp;&nbsp;&nbsp;&nbsp;&nbsp;&nbsp;&nbsp;&nbsp;&nbsp;&nbsp;&nbsp;&nbsp;&nbsp;&nbsp;&nbsp;&nbsp;&nbsp;&nbsp;&nbsp;&nbsp;&nbsp;&nbsp;&nbsp;&nbsp;&nbsp;&nbsp;&nbsp;&nbsp;&nbsp;&nbsp;&nbsp;&nbsp;&nbsp;&nbsp;&nbsp;&nbsp;&nbsp;&nbsp;&nbsp;&nbsp;&nbsp;&nbsp;&nbsp;&nbsp;&nbsp;&nbsp;&nbsp;&nbsp;&nbsp;&nbsp;&nbsp;&nbsp;&nbsp;&nbsp;&nbsp;&nbsp;&nbsp;&nbsp;&nbsp;&nbsp;&nbsp;&nbsp;&nbsp;&nbsp;&nbsp;&nbsp;&nbsp;&nbsp;&nbsp; Nikola Warcho\u0142<\/p>\n\n\n\n<p>Nowo wybrany Samorz\u0105d Uczniowski rozpocz\u0105\u0142 swoj\u0105 kadencj\u0119 z wielkim entuzjazmem i&nbsp;zapowiedzia\u0142 realizacj\u0119 obietnic wyborczych.<\/p>\n\n\n\n<p>Wybory by\u0142y doskona\u0142\u0105 lekcj\u0105 demokracji w praktyce, a uczniowie mogli poczu\u0107, \u017ce ich g\u0142os naprawd\u0119 si\u0119 liczy.<\/p>\n\n\n\n<p class=\"has-text-align-right\">Opiekunowie Samorz\u0105du Uczniowskiego<\/p>\n\n\n\n<p class=\"has-text-align-right\">Sylwia Bajorek<\/p>\n\n\n\n<p class=\"has-text-align-right\"><strong>Dorota Ku\u015b<\/strong><\/p>\n\n\n\nngg_shortcode_0_placeholder\n","protected":false},"excerpt":{"rendered":"<p>We wtorek 16 wrze\u015bnia w naszej szkole odby\u0142y si\u0119 wybory do Samorz\u0105du Uczniowskiego. By\u0142o to wa\u017cne wydarzenie, poniewa\u017c samorz\u0105d pe\u0142ni istotn\u0105 rol\u0119 w \u017cyciu szko\u0142y \u2013 reprezentuje uczni\u00f3w, organizuje r\u00f3\u017cne akcje i dba o to, aby g\u0142os wszystkich klas by\u0142 s\u0142yszany. Przygotowania do wybor\u00f3w rozpocz\u0119\u0142y si\u0119 kilka dni wcze\u015bniej. Kandydaci mieli okazj\u0119 zaprezentowa\u0107 swoje pomys\u0142y [&hellip;]<\/p>\n","protected":false},"author":1,"featured_media":8504,"comment_status":"open","ping_status":"open","sticky":false,"template":"","format":"standard","meta":{"ngg_post_thumbnail":4289,"footnotes":""},"categories":[22,23],"tags":[],"class_list":["post-8502","post","type-post","status-publish","format-standard","has-post-thumbnail","hentry","category-baner","category-z-zycia-szkoly"],"_links":{"self":[{"href":"https:\/\/spsuchy.pl\/index.php\/wp-json\/wp\/v2\/posts\/8502","targetHints":{"allow":["GET"]}}],"collection":[{"href":"https:\/\/spsuchy.pl\/index.php\/wp-json\/wp\/v2\/posts"}],"about":[{"href":"https:\/\/spsuchy.pl\/index.php\/wp-json\/wp\/v2\/types\/post"}],"author":[{"embeddable":true,"href":"https:\/\/spsuchy.pl\/index.php\/wp-json\/wp\/v2\/users\/1"}],"replies":[{"embeddable":true,"href":"https:\/\/spsuchy.pl\/index.php\/wp-json\/wp\/v2\/comments?post=8502"}],"version-history":[{"count":0,"href":"https:\/\/spsuchy.pl\/index.php\/wp-json\/wp\/v2\/posts\/8502\/revisions"}],"wp:featuredmedia":[{"embeddable":true,"href":"https:\/\/spsuchy.pl\/index.php\/wp-json\/"}],"wp:attachment":[{"href":"https:\/\/spsuchy.pl\/index.php\/wp-json\/wp\/v2\/media?parent=8502"}],"wp:term":[{"taxonomy":"category","embeddable":true,"href":"https:\/\/spsuchy.pl\/index.php\/wp-json\/wp\/v2\/categories?post=8502"},{"taxonomy":"post_tag","embeddable":true,"href":"https:\/\/spsuchy.pl\/index.php\/wp-json\/wp\/v2\/tags?post=8502"}],"curies":[{"name":"wp","href":"https:\/\/api.w.org\/{rel}","templated":true}]}}