{"id":8463,"date":"2025-09-08T18:23:01","date_gmt":"2025-09-08T18:23:01","guid":{"rendered":"https:\/\/spsuchy.pl\/?p=8463"},"modified":"2025-09-08T18:23:01","modified_gmt":"2025-09-08T18:23:01","slug":"dziekujemy-ci-zolnierzu-za-to-ze-walczyles-dzielnie","status":"publish","type":"post","link":"https:\/\/spsuchy.pl\/index.php\/2025\/09\/08\/dziekujemy-ci-zolnierzu-za-to-ze-walczyles-dzielnie\/","title":{"rendered":"Dzi\u0119kujemy Ci \u017co\u0142nierzu, za to, \u017ce walczy\u0142e\u015b dzielnie&#8230;"},"content":{"rendered":"\n<p>           W dniu 7 wrze\u015bnia uczniowie naszej szko\u0142y wzi\u0119li udzia\u0142 w uroczysto\u015bci upami\u0119tniaj\u0105cej Ofiary Niemieckiego Nazizmu, zamordowane 29 sierpnia 1944 roku w Rzepienniku Suchym.<\/p>\n\n\n\n<p>&nbsp;&nbsp;&nbsp;&nbsp;&nbsp;&nbsp;&nbsp;&nbsp;&nbsp;&nbsp;&nbsp; W miejscu pami\u0119ci zgromadzili si\u0119 przedstawiciele w\u0142adz, duchowie\u0144stwa, poczty sztandarowe, rodziny zamordowanych, mieszka\u0144cy oraz spo\u0142eczno\u015b\u0107 szkolna.<\/p>\n\n\n\n<p>&nbsp;&nbsp;&nbsp;&nbsp;&nbsp;&nbsp;&nbsp;&nbsp;&nbsp;&nbsp;&nbsp; Program ka\u017cdorazowo koncentruje si\u0119 na mszy, oprawie artystycznej, apelu poleg\u0142ym oraz z\u0142o\u017ceniu zniczy i kwiat\u00f3w.<\/p>\n\n\n\n<p>&nbsp;&nbsp;&nbsp;&nbsp;&nbsp;&nbsp;&nbsp;&nbsp;&nbsp;&nbsp;&nbsp; Nasza obecno\u015b\u0107 jest symbolem pami\u0119ci o tragicznych wydarzeniach sprzed lat<br>i ho\u0142dem dla tych, kt\u00f3rzy oddali \u017cycie za woln\u0105 Polsk\u0119.<\/p>\n\n\n\n<p class=\"has-text-align-right\"><strong>Urszula Gogola<\/strong><\/p>\n\n\n\nngg_shortcode_0_placeholder\n","protected":false},"excerpt":{"rendered":"<p>W dniu 7 wrze\u015bnia uczniowie naszej szko\u0142y wzi\u0119li udzia\u0142 w uroczysto\u015bci upami\u0119tniaj\u0105cej Ofiary Niemieckiego Nazizmu, zamordowane 29 sierpnia 1944 roku w Rzepienniku Suchym. &nbsp;&nbsp;&nbsp;&nbsp;&nbsp;&nbsp;&nbsp;&nbsp;&nbsp;&nbsp;&nbsp; W miejscu pami\u0119ci zgromadzili si\u0119 przedstawiciele w\u0142adz, duchowie\u0144stwa, poczty sztandarowe, rodziny zamordowanych, mieszka\u0144cy oraz spo\u0142eczno\u015b\u0107 szkolna. &nbsp;&nbsp;&nbsp;&nbsp;&nbsp;&nbsp;&nbsp;&nbsp;&nbsp;&nbsp;&nbsp; Program ka\u017cdorazowo koncentruje si\u0119 na mszy, oprawie artystycznej, apelu poleg\u0142ym oraz z\u0142o\u017ceniu zniczy i [&hellip;]<\/p>\n","protected":false},"author":1,"featured_media":8465,"comment_status":"open","ping_status":"open","sticky":false,"template":"","format":"standard","meta":{"ngg_post_thumbnail":4269,"footnotes":""},"categories":[22,23],"tags":[],"class_list":["post-8463","post","type-post","status-publish","format-standard","has-post-thumbnail","hentry","category-baner","category-z-zycia-szkoly"],"_links":{"self":[{"href":"https:\/\/spsuchy.pl\/index.php\/wp-json\/wp\/v2\/posts\/8463","targetHints":{"allow":["GET"]}}],"collection":[{"href":"https:\/\/spsuchy.pl\/index.php\/wp-json\/wp\/v2\/posts"}],"about":[{"href":"https:\/\/spsuchy.pl\/index.php\/wp-json\/wp\/v2\/types\/post"}],"author":[{"embeddable":true,"href":"https:\/\/spsuchy.pl\/index.php\/wp-json\/wp\/v2\/users\/1"}],"replies":[{"embeddable":true,"href":"https:\/\/spsuchy.pl\/index.php\/wp-json\/wp\/v2\/comments?post=8463"}],"version-history":[{"count":0,"href":"https:\/\/spsuchy.pl\/index.php\/wp-json\/wp\/v2\/posts\/8463\/revisions"}],"wp:featuredmedia":[{"embeddable":true,"href":"https:\/\/spsuchy.pl\/index.php\/wp-json\/"}],"wp:attachment":[{"href":"https:\/\/spsuchy.pl\/index.php\/wp-json\/wp\/v2\/media?parent=8463"}],"wp:term":[{"taxonomy":"category","embeddable":true,"href":"https:\/\/spsuchy.pl\/index.php\/wp-json\/wp\/v2\/categories?post=8463"},{"taxonomy":"post_tag","embeddable":true,"href":"https:\/\/spsuchy.pl\/index.php\/wp-json\/wp\/v2\/tags?post=8463"}],"curies":[{"name":"wp","href":"https:\/\/api.w.org\/{rel}","templated":true}]}}