{"id":8445,"date":"2025-09-03T18:47:49","date_gmt":"2025-09-03T18:47:49","guid":{"rendered":"https:\/\/spsuchy.pl\/?p=8445"},"modified":"2025-09-03T18:47:49","modified_gmt":"2025-09-03T18:47:49","slug":"rok-szkolny-2025-2026-rozpoczety","status":"publish","type":"post","link":"https:\/\/spsuchy.pl\/index.php\/2025\/09\/03\/rok-szkolny-2025-2026-rozpoczety\/","title":{"rendered":"Rok szkolny 2025\/2026 rozpocz\u0119ty!"},"content":{"rendered":"\n<figure class=\"wp-block-image size-large\"><img decoding=\"async\" src=\"https:\/\/spsuchy.pl\/wp-content\/uploads\/2025\/09\/Zdjecie-WhatsApp-2025-09-03-o-20.45.33_ca6eaba4.jpg\" alt=\"\" class=\"wp-image-8446\"\/><\/figure>\n\n\n\n<p>1 wrze\u015bnia o godz. 8:00 spo\u0142eczno\u015b\u0107 szkolna \u00a0wzi\u0119\u0142a udzia\u0142 w uroczystej mszy \u015bw.<br>w ko\u015bciele parafialnym w Rzepienniku Suchym.\u00a0 Nast\u0119pnie wszyscy udali si\u0119 do szko\u0142y.<br>Tam apel rozpoczynaj\u0105cy nowy rok szkolny poprowadzi\u0142a pani Dyrektor Lucyna Wszo\u0142ek.<br>Po zako\u0144czeniu tej cz\u0119\u015bci uczniowie udali \u00a0si\u0119 sal lekcyjnych, by odby\u0107 pierwsze lekcje wychowawcze.<\/p>\n\n\n\n<p>&nbsp;&nbsp;&nbsp;&nbsp;&nbsp;&nbsp;&nbsp;&nbsp;&nbsp;&nbsp;&nbsp; \u017byczymy wszystkim owocnego roku szkolnego, pe\u0142nego sukces\u00f3w, rado\u015bci<br>i niezapomnianych chwil. Niech b\u0119dzie to czas pe\u0142en inspiracji i ciekawych wyzwa\u0144!<\/p>\n\n\n\n<p class=\"has-text-align-right\"><strong>Dyrekcja i Grono Pedagogiczne<\/strong><\/p>\n\n\n\n<figure class=\"wp-block-image size-large\"><img decoding=\"async\" src=\"https:\/\/spsuchy.pl\/wp-content\/uploads\/2025\/09\/Zdjecie-WhatsApp-2025-09-03-o-20.45.32_8a16c5d6.jpg\" alt=\"\" class=\"wp-image-8447\"\/><\/figure>\n","protected":false},"excerpt":{"rendered":"<p>1 wrze\u015bnia o godz. 8:00 spo\u0142eczno\u015b\u0107 szkolna \u00a0wzi\u0119\u0142a udzia\u0142 w uroczystej mszy \u015bw.w ko\u015bciele parafialnym w Rzepienniku Suchym.\u00a0 Nast\u0119pnie wszyscy udali si\u0119 do szko\u0142y.Tam apel rozpoczynaj\u0105cy nowy rok szkolny poprowadzi\u0142a pani Dyrektor Lucyna Wszo\u0142ek.Po zako\u0144czeniu tej cz\u0119\u015bci uczniowie udali \u00a0si\u0119 sal lekcyjnych, by odby\u0107 pierwsze lekcje wychowawcze. &nbsp;&nbsp;&nbsp;&nbsp;&nbsp;&nbsp;&nbsp;&nbsp;&nbsp;&nbsp;&nbsp; \u017byczymy wszystkim owocnego roku szkolnego, pe\u0142nego sukces\u00f3w, [&hellip;]<\/p>\n","protected":false},"author":1,"featured_media":8446,"comment_status":"open","ping_status":"open","sticky":false,"template":"","format":"standard","meta":{"ngg_post_thumbnail":0,"footnotes":""},"categories":[22,23],"tags":[],"class_list":["post-8445","post","type-post","status-publish","format-standard","has-post-thumbnail","hentry","category-baner","category-z-zycia-szkoly"],"_links":{"self":[{"href":"https:\/\/spsuchy.pl\/index.php\/wp-json\/wp\/v2\/posts\/8445","targetHints":{"allow":["GET"]}}],"collection":[{"href":"https:\/\/spsuchy.pl\/index.php\/wp-json\/wp\/v2\/posts"}],"about":[{"href":"https:\/\/spsuchy.pl\/index.php\/wp-json\/wp\/v2\/types\/post"}],"author":[{"embeddable":true,"href":"https:\/\/spsuchy.pl\/index.php\/wp-json\/wp\/v2\/users\/1"}],"replies":[{"embeddable":true,"href":"https:\/\/spsuchy.pl\/index.php\/wp-json\/wp\/v2\/comments?post=8445"}],"version-history":[{"count":0,"href":"https:\/\/spsuchy.pl\/index.php\/wp-json\/wp\/v2\/posts\/8445\/revisions"}],"wp:featuredmedia":[{"embeddable":true,"href":"https:\/\/spsuchy.pl\/index.php\/wp-json\/"}],"wp:attachment":[{"href":"https:\/\/spsuchy.pl\/index.php\/wp-json\/wp\/v2\/media?parent=8445"}],"wp:term":[{"taxonomy":"category","embeddable":true,"href":"https:\/\/spsuchy.pl\/index.php\/wp-json\/wp\/v2\/categories?post=8445"},{"taxonomy":"post_tag","embeddable":true,"href":"https:\/\/spsuchy.pl\/index.php\/wp-json\/wp\/v2\/tags?post=8445"}],"curies":[{"name":"wp","href":"https:\/\/api.w.org\/{rel}","templated":true}]}}