{"id":11123,"date":"2026-09-01T09:16:05","date_gmt":"2026-09-01T09:16:05","guid":{"rendered":"https:\/\/spsuchy.pl\/?p=11123"},"modified":"2026-09-03T09:19:27","modified_gmt":"2026-09-03T09:19:27","slug":"pamiec-to-nasz-dlug-wdziecznosci-udzial-naszej-szkoly-w-obchodach82-rocznicy-tragicznych-wydarzen-w-rzepienniku-suchym","status":"publish","type":"post","link":"https:\/\/spsuchy.pl\/index.php\/2026\/09\/01\/pamiec-to-nasz-dlug-wdziecznosci-udzial-naszej-szkoly-w-obchodach82-rocznicy-tragicznych-wydarzen-w-rzepienniku-suchym\/","title":{"rendered":"\u201ePami\u0119\u0107 to nasz d\u0142ug wdzi\u0119czno\u015bci\u201d \u2013 udzia\u0142 naszej szko\u0142y w obchodach82. rocznicy tragicznych wydarze\u0144 w Rzepienniku Suchym"},"content":{"rendered":"\n<p>W minion\u0105 niedziel\u0119, 30 sierpnia 2026 roku, reprezentacja naszej spo\u0142eczno\u015bci szkolnej wzi\u0119\u0142a udzia\u0142 w uroczysto\u015bci patriotycznej w Rzepienniku Suchym. Wsp\u00f3lnie<br>z mieszka\u0144cami regionu, rodzinami i przedstawicielami lokalnych w\u0142adz oddali\u015bmy ho\u0142d<br>19 \u017co\u0142nierzom Armii Krajowej oraz mieszka\u0144com Nowego \u017bmigrodu, Tok\u00f3w i Gorzyc, kt\u00f3rzy w sierpniu 1944 roku zostali rozstrzelani przez niemieckiego okupanta. Jak co roku, program uroczysto\u015bci obejmowa\u0142:<\/p>\n\n\n\n<p>&#8211; <strong>uroczyst\u0105 Msz\u0119&nbsp; \u015awi\u0119t\u0105<\/strong>\u2013 odprawion\u0105 w intencji pomordowanych i poleg\u0142ych za Ojczyzn\u0119, gromadz\u0105c\u0105 liczne poczty sztandarowe oraz przyby\u0142ych go\u015bci;<\/p>\n\n\n\n<p>&#8211; <strong>wyst\u0119p patriotyczny uczni\u00f3w<\/strong> &#8211; kt\u00f3rzy przedstawili kr\u00f3tk\u0105 lekcj\u0119 historii;<\/p>\n\n\n\n<p>&#8211; <strong>apel pami\u0119ci <\/strong>\u2013 odczytanie nazwisk ofiar egzekucji oraz przypomnienie dramatycznych reali\u00f3w niemieckiej okupacji na ziemi rzepiennickiej;<\/p>\n\n\n\n<p><strong>&#8211; z\u0142o\u017cenie wie\u0144c\u00f3w <\/strong>\u2013 symboliczny ho\u0142d z\u0142o\u017cony przez w\u00f3jt\u00f3w, radnych, so\u0142tys\u00f3w, przedstawicieli szk\u00f3\u0142 i&nbsp; bibliotek, &nbsp;rodzin poleg\u0142ych oraz mieszka\u0144c\u00f3w Rzepiennika Suchego;<\/p>\n\n\n\n<p><strong>&#8211; wyst\u0105pienia okoliczno\u015bciowe<\/strong> \u2013 przem\u00f3wienia podkre\u015blaj\u0105ce rol\u0119 piel\u0119gnowania pami\u0119ci historycznej w miejscu m\u0119cze\u0144stwa Polak\u00f3w;<\/p>\n\n\n\n<p>&nbsp;&nbsp;&nbsp;&nbsp;&nbsp;&nbsp;&nbsp;&nbsp;&nbsp;&nbsp;&nbsp; Stoj\u0105c pod pomnikiem, po raz kolejny zrozumieli\u015bmy, jak wielkim darem jest wolno\u015b\u0107. \u0141zy wzruszenia, kt\u00f3re by\u0107 mo\u017ce si\u0119 pojawi\u0142y,&nbsp; chwila zadumy to nasz najprostszy,<br>a zarazem najpi\u0119kniejszy d\u0142ug wdzi\u0119czno\u015bci. Cze\u015b\u0107 Ich pami\u0119ci!<\/p>\n\n\n\n<p>Urszula Gogola<\/p>\n\n\n\nngg_shortcode_0_placeholder\n","protected":false},"excerpt":{"rendered":"<p>W minion\u0105 niedziel\u0119, 30 sierpnia 2026 roku, reprezentacja naszej spo\u0142eczno\u015bci szkolnej wzi\u0119\u0142a udzia\u0142 w uroczysto\u015bci patriotycznej w Rzepienniku Suchym. Wsp\u00f3lniez mieszka\u0144cami regionu, rodzinami i przedstawicielami lokalnych w\u0142adz oddali\u015bmy ho\u0142d19 \u017co\u0142nierzom Armii Krajowej oraz mieszka\u0144com Nowego \u017bmigrodu, Tok\u00f3w i Gorzyc, kt\u00f3rzy w sierpniu 1944 roku zostali rozstrzelani przez niemieckiego okupanta. Jak co roku, program uroczysto\u015bci obejmowa\u0142: [&hellip;]<\/p>\n","protected":false},"author":1,"featured_media":11136,"comment_status":"open","ping_status":"open","sticky":false,"template":"","format":"standard","meta":{"ngg_post_thumbnail":0,"footnotes":""},"categories":[17,28],"tags":[],"class_list":["post-11123","post","type-post","status-publish","format-standard","has-post-thumbnail","hentry","category-aktualnosci","category-polecane"],"_links":{"self":[{"href":"https:\/\/spsuchy.pl\/index.php\/wp-json\/wp\/v2\/posts\/11123","targetHints":{"allow":["GET"]}}],"collection":[{"href":"https:\/\/spsuchy.pl\/index.php\/wp-json\/wp\/v2\/posts"}],"about":[{"href":"https:\/\/spsuchy.pl\/index.php\/wp-json\/wp\/v2\/types\/post"}],"author":[{"embeddable":true,"href":"https:\/\/spsuchy.pl\/index.php\/wp-json\/wp\/v2\/users\/1"}],"replies":[{"embeddable":true,"href":"https:\/\/spsuchy.pl\/index.php\/wp-json\/wp\/v2\/comments?post=11123"}],"version-history":[{"count":1,"href":"https:\/\/spsuchy.pl\/index.php\/wp-json\/wp\/v2\/posts\/11123\/revisions"}],"predecessor-version":[{"id":11137,"href":"https:\/\/spsuchy.pl\/index.php\/wp-json\/wp\/v2\/posts\/11123\/revisions\/11137"}],"wp:featuredmedia":[{"embeddable":true,"href":"https:\/\/spsuchy.pl\/index.php\/wp-json\/wp\/v2\/media\/11136"}],"wp:attachment":[{"href":"https:\/\/spsuchy.pl\/index.php\/wp-json\/wp\/v2\/media?parent=11123"}],"wp:term":[{"taxonomy":"category","embeddable":true,"href":"https:\/\/spsuchy.pl\/index.php\/wp-json\/wp\/v2\/categories?post=11123"},{"taxonomy":"post_tag","embeddable":true,"href":"https:\/\/spsuchy.pl\/index.php\/wp-json\/wp\/v2\/tags?post=11123"}],"curies":[{"name":"wp","href":"https:\/\/api.w.org\/{rel}","templated":true}]}}