{"id":10299,"date":"2026-04-26T19:49:49","date_gmt":"2026-04-26T19:49:49","guid":{"rendered":"https:\/\/spsuchy.pl\/?p=10299"},"modified":"2026-04-26T19:50:17","modified_gmt":"2026-04-26T19:50:17","slug":"ekologia-i-magia-ksiazek","status":"publish","type":"post","link":"https:\/\/spsuchy.pl\/index.php\/2026\/04\/26\/ekologia-i-magia-ksiazek\/","title":{"rendered":"Ekologia i Magia Ksi\u0105\u017cek"},"content":{"rendered":"\n<p>W minionym tygodniu nasza szko\u0142a t\u0119tni\u0142a \u017cyciem i zielon\u0105 energi\u0105! Po\u0142\u0105czyli\u015bmy dwa niezwykle wa\u017cne wydarzenia: \u015awi\u0119to Ziemi oraz uroczyste Pasowanie Pierwszoklasist\u00f3w na Czytelnik\u00f3w Biblioteki. G\u0142\u00f3wnym punktem programu by\u0142 wyst\u0119p artystyczny, podczas kt\u00f3rego m\u0142odzi aktorzy w obrazowy spos\u00f3b pokazali nam, jak dba\u0107 o nasz\u0105 planet\u0119. Dzieci, ubrane w barwne, ekologiczne stroje, udowodni\u0142y, \u017ce ka\u017cdy z nas \u2013 niezale\u017cnie od wieku \u2013 mo\u017ce by\u0107 bohaterem walcz\u0105cym o czyste \u015brodowisko. Podczas przedstawienia pierwszoklasi\u015bci, w obecno\u015bci starszych koleg\u00f3w i nauczycieli, z\u0142o\u017cyli uroczyst\u0105 obietnic\u0119, \u017ce b\u0119d\u0105 szanowa\u0107 ksi\u0105\u017cki i regularnie odwiedza\u0107 \u015bwiat literatury. Po symbolicznym pasowaniu ka\u017cdy nowy czytelnik otrzyma\u0142 pami\u0105tkowy dyplom.<br>To po\u0142\u0105czenie temat\u00f3w nie by\u0142o przypadkowe \u2013 wierzymy, \u017ce m\u0105dry czytelnik to \u015bwiadomy mieszkaniec Ziemi. Gratulujemy pierwszakom wst\u0105pienia do czytelniczej rodziny i dzi\u0119kujemy ma\u0142ym artystom za wspania\u0142\u0105 lekcj\u0119 ekologii!<\/p>\n\n\n\nngg_shortcode_0_placeholder\n","protected":false},"excerpt":{"rendered":"<p>W minionym tygodniu nasza szko\u0142a t\u0119tni\u0142a \u017cyciem i zielon\u0105 energi\u0105! Po\u0142\u0105czyli\u015bmy dwa niezwykle wa\u017cne wydarzenia: \u015awi\u0119to Ziemi oraz uroczyste Pasowanie Pierwszoklasist\u00f3w na Czytelnik\u00f3w Biblioteki. G\u0142\u00f3wnym punktem programu by\u0142 wyst\u0119p artystyczny, podczas kt\u00f3rego m\u0142odzi aktorzy w obrazowy spos\u00f3b pokazali nam, jak dba\u0107 o nasz\u0105 planet\u0119. Dzieci, ubrane w barwne, ekologiczne stroje, udowodni\u0142y, \u017ce ka\u017cdy z nas [&hellip;]<\/p>\n","protected":false},"author":1,"featured_media":10300,"comment_status":"open","ping_status":"open","sticky":false,"template":"","format":"standard","meta":{"ngg_post_thumbnail":0,"footnotes":""},"categories":[17,28],"tags":[],"class_list":["post-10299","post","type-post","status-publish","format-standard","has-post-thumbnail","hentry","category-aktualnosci","category-polecane"],"_links":{"self":[{"href":"https:\/\/spsuchy.pl\/index.php\/wp-json\/wp\/v2\/posts\/10299","targetHints":{"allow":["GET"]}}],"collection":[{"href":"https:\/\/spsuchy.pl\/index.php\/wp-json\/wp\/v2\/posts"}],"about":[{"href":"https:\/\/spsuchy.pl\/index.php\/wp-json\/wp\/v2\/types\/post"}],"author":[{"embeddable":true,"href":"https:\/\/spsuchy.pl\/index.php\/wp-json\/wp\/v2\/users\/1"}],"replies":[{"embeddable":true,"href":"https:\/\/spsuchy.pl\/index.php\/wp-json\/wp\/v2\/comments?post=10299"}],"version-history":[{"count":2,"href":"https:\/\/spsuchy.pl\/index.php\/wp-json\/wp\/v2\/posts\/10299\/revisions"}],"predecessor-version":[{"id":10302,"href":"https:\/\/spsuchy.pl\/index.php\/wp-json\/wp\/v2\/posts\/10299\/revisions\/10302"}],"wp:featuredmedia":[{"embeddable":true,"href":"https:\/\/spsuchy.pl\/index.php\/wp-json\/wp\/v2\/media\/10300"}],"wp:attachment":[{"href":"https:\/\/spsuchy.pl\/index.php\/wp-json\/wp\/v2\/media?parent=10299"}],"wp:term":[{"taxonomy":"category","embeddable":true,"href":"https:\/\/spsuchy.pl\/index.php\/wp-json\/wp\/v2\/categories?post=10299"},{"taxonomy":"post_tag","embeddable":true,"href":"https:\/\/spsuchy.pl\/index.php\/wp-json\/wp\/v2\/tags?post=10299"}],"curies":[{"name":"wp","href":"https:\/\/api.w.org\/{rel}","templated":true}]}}