{"id":10057,"date":"2026-04-02T19:12:13","date_gmt":"2026-04-02T19:12:13","guid":{"rendered":"https:\/\/spsuchy.pl\/?p=10057"},"modified":"2026-04-02T19:12:38","modified_gmt":"2026-04-02T19:12:38","slug":"wiosna-w-naszej-szkole","status":"publish","type":"post","link":"https:\/\/spsuchy.pl\/index.php\/2026\/04\/02\/wiosna-w-naszej-szkole\/","title":{"rendered":"WIOSNA W NASZEJ SZKOLE"},"content":{"rendered":"\n<p>Wiosna to najpi\u0119kniejsza pora roku, poniewa\u017c wszystko budzi si\u0119 do \u017cycia. Uczniowie klasy drugiej i trzeciej postanowili wykona\u0107 wiosenny k\u0105cik przyrody. W skrzynkach zasiali zbo\u017ce, posadzili cebul\u0119. Ka\u017cdy ucze\u0144 przyni\u00f3s\u0142 wiosenny kwiat, kt\u00f3rym si\u0119 opiekuje. W naszym k\u0105ciku ro\u015bnie rze\u017cucha i s\u0142onecznik. Cieszymy si\u0119, \u017ce w naszej klasie panuje wiosenny nastr\u00f3j.<\/p>\n\n\n<div class=\"wp-block-image\">\n<figure class=\"aligncenter size-large\"><img loading=\"lazy\" decoding=\"async\" width=\"1024\" height=\"462\" src=\"https:\/\/spsuchy.pl\/wp-content\/uploads\/2026\/04\/WhatsApp-Image-2026-03-26-at-20.05.12-1024x462.jpeg\" alt=\"\" class=\"wp-image-10059\" srcset=\"https:\/\/spsuchy.pl\/wp-content\/uploads\/2026\/04\/WhatsApp-Image-2026-03-26-at-20.05.12-1024x462.jpeg 1024w, https:\/\/spsuchy.pl\/wp-content\/uploads\/2026\/04\/WhatsApp-Image-2026-03-26-at-20.05.12-300x135.jpeg 300w, https:\/\/spsuchy.pl\/wp-content\/uploads\/2026\/04\/WhatsApp-Image-2026-03-26-at-20.05.12-768x346.jpeg 768w, https:\/\/spsuchy.pl\/wp-content\/uploads\/2026\/04\/WhatsApp-Image-2026-03-26-at-20.05.12-1536x693.jpeg 1536w, https:\/\/spsuchy.pl\/wp-content\/uploads\/2026\/04\/WhatsApp-Image-2026-03-26-at-20.05.12.jpeg 2040w\" sizes=\"auto, (max-width: 1024px) 100vw, 1024px\" \/><\/figure>\n<\/div>\n\n\n<p class=\"has-text-align-right\"><br>Maciej Gr\u0119bski<\/p>\n","protected":false},"excerpt":{"rendered":"<p>Wiosna to najpi\u0119kniejsza pora roku, poniewa\u017c wszystko budzi si\u0119 do \u017cycia. Uczniowie klasy drugiej i trzeciej postanowili wykona\u0107 wiosenny k\u0105cik przyrody. W skrzynkach zasiali zbo\u017ce, posadzili cebul\u0119. Ka\u017cdy ucze\u0144 przyni\u00f3s\u0142 wiosenny kwiat, kt\u00f3rym si\u0119 opiekuje. W naszym k\u0105ciku ro\u015bnie rze\u017cucha i s\u0142onecznik. Cieszymy si\u0119, \u017ce w naszej klasie panuje wiosenny nastr\u00f3j. Maciej Gr\u0119bski<\/p>\n","protected":false},"author":1,"featured_media":10058,"comment_status":"open","ping_status":"open","sticky":false,"template":"","format":"standard","meta":{"ngg_post_thumbnail":0,"footnotes":""},"categories":[17,28],"tags":[],"class_list":["post-10057","post","type-post","status-publish","format-standard","has-post-thumbnail","hentry","category-aktualnosci","category-polecane"],"_links":{"self":[{"href":"https:\/\/spsuchy.pl\/index.php\/wp-json\/wp\/v2\/posts\/10057","targetHints":{"allow":["GET"]}}],"collection":[{"href":"https:\/\/spsuchy.pl\/index.php\/wp-json\/wp\/v2\/posts"}],"about":[{"href":"https:\/\/spsuchy.pl\/index.php\/wp-json\/wp\/v2\/types\/post"}],"author":[{"embeddable":true,"href":"https:\/\/spsuchy.pl\/index.php\/wp-json\/wp\/v2\/users\/1"}],"replies":[{"embeddable":true,"href":"https:\/\/spsuchy.pl\/index.php\/wp-json\/wp\/v2\/comments?post=10057"}],"version-history":[{"count":2,"href":"https:\/\/spsuchy.pl\/index.php\/wp-json\/wp\/v2\/posts\/10057\/revisions"}],"predecessor-version":[{"id":10061,"href":"https:\/\/spsuchy.pl\/index.php\/wp-json\/wp\/v2\/posts\/10057\/revisions\/10061"}],"wp:featuredmedia":[{"embeddable":true,"href":"https:\/\/spsuchy.pl\/index.php\/wp-json\/wp\/v2\/media\/10058"}],"wp:attachment":[{"href":"https:\/\/spsuchy.pl\/index.php\/wp-json\/wp\/v2\/media?parent=10057"}],"wp:term":[{"taxonomy":"category","embeddable":true,"href":"https:\/\/spsuchy.pl\/index.php\/wp-json\/wp\/v2\/categories?post=10057"},{"taxonomy":"post_tag","embeddable":true,"href":"https:\/\/spsuchy.pl\/index.php\/wp-json\/wp\/v2\/tags?post=10057"}],"curies":[{"name":"wp","href":"https:\/\/api.w.org\/{rel}","templated":true}]}}